{"id":1503,"date":"2023-05-23T09:37:05","date_gmt":"2023-05-23T07:37:05","guid":{"rendered":"https:\/\/prognrock.de\/?p=1503"},"modified":"2023-05-23T09:37:05","modified_gmt":"2023-05-23T07:37:05","slug":"23-mai-die-dritte-progressive","status":"publish","type":"post","link":"https:\/\/prognrock.de\/?p=1503","title":{"rendered":"23. Mai, die dritte Progressive"},"content":{"rendered":"<p>Moinmoin mein Lieber, mal wieder Geburtstag, die Jahre flie\u00dfen dahin. Unsere Helden von fr\u00fcher sterben aus und wir sind die n\u00e4chste Generation. Das klingt depri, nein, das ist depri. In einem Zeitalter, in dem man froh sein kann, wenn man keine Maske tragen muss, und verzweifelt versucht, die Zukunft sch\u00f6nzureden, f\u00e4llt mir nur ein: Fr\u00fcher war alles besser. Und selbst das soll nicht wahr sein. Das bilden wir uns angeblich ein. Aber ich habe Beweise. Diese Compilation enth\u00e4lt nur Songs aus den Siebzigern und sowas sucht man heute, trotz allem Vintage und Retro, vergebens. Ich kann die Klimakleber gut verstehen, weniger die Aktionen, mehr den Neid auf unsere Generation. Wir sind aus der goldenen Generation. Wir hatten alles. Und wir sind dankbar daf\u00fcr. Noch ein paar goldene Jahre, mein alter Freund, m\u00fcssen drin sein. F\u00fcr alle Kinder des 23. Mai einen wunderbaren Tag und alles Gute im neuen Lebensjahr. F\u00fcr alle anderen nat\u00fcrlich auch. \ud83d\ude42 R\u00fcdiger<\/p>\n<p><iframe title=\"Spotify Embed: 23. Mai, die dritte Progressive\" style=\"border-radius: 12px\" width=\"100%\" height=\"352\" frameborder=\"0\" allowfullscreen allow=\"autoplay; clipboard-write; encrypted-media; fullscreen; picture-in-picture\" loading=\"lazy\" src=\"https:\/\/open.spotify.com\/embed\/playlist\/4WfbiIeTA423mejJ02A7vD?si=67f14e00e9554c44&#038;utm_source=oembed\"><\/iframe><\/p>\n","protected":false},"excerpt":{"rendered":"<p>Moinmoin mein Lieber, mal wieder Geburtstag, die Jahre flie\u00dfen dahin. Unsere Helden von fr\u00fcher sterben aus und wir sind die n\u00e4chste Generation. Das klingt depri, nein, das ist depri. In einem Zeitalter, in dem man froh sein kann, wenn man keine Maske tragen muss, und verzweifelt versucht, die Zukunft sch\u00f6nzureden, f\u00e4llt mir nur ein: Fr\u00fcher&hellip; <a href=\"https:\/\/prognrock.de\/?p=1503\" class=\"read-more\">Continue reading 23. Mai, die dritte Progressive<\/a><\/p>\n","protected":false},"author":4,"featured_media":0,"comment_status":"open","ping_status":"closed","sticky":false,"template":"","format":"standard","meta":{"footnotes":""},"categories":[26],"tags":[],"class_list":["post-1503","post","type-post","status-publish","format-standard","hentry","category-geburtstagsmischung"],"_links":{"self":[{"href":"https:\/\/prognrock.de\/index.php?rest_route=\/wp\/v2\/posts\/1503","targetHints":{"allow":["GET"]}}],"collection":[{"href":"https:\/\/prognrock.de\/index.php?rest_route=\/wp\/v2\/posts"}],"about":[{"href":"https:\/\/prognrock.de\/index.php?rest_route=\/wp\/v2\/types\/post"}],"author":[{"embeddable":true,"href":"https:\/\/prognrock.de\/index.php?rest_route=\/wp\/v2\/users\/4"}],"replies":[{"embeddable":true,"href":"https:\/\/prognrock.de\/index.php?rest_route=%2Fwp%2Fv2%2Fcomments&post=1503"}],"version-history":[{"count":3,"href":"https:\/\/prognrock.de\/index.php?rest_route=\/wp\/v2\/posts\/1503\/revisions"}],"predecessor-version":[{"id":1506,"href":"https:\/\/prognrock.de\/index.php?rest_route=\/wp\/v2\/posts\/1503\/revisions\/1506"}],"wp:attachment":[{"href":"https:\/\/prognrock.de\/index.php?rest_route=%2Fwp%2Fv2%2Fmedia&parent=1503"}],"wp:term":[{"taxonomy":"category","embeddable":true,"href":"https:\/\/prognrock.de\/index.php?rest_route=%2Fwp%2Fv2%2Fcategories&post=1503"},{"taxonomy":"post_tag","embeddable":true,"href":"https:\/\/prognrock.de\/index.php?rest_route=%2Fwp%2Fv2%2Ftags&post=1503"}],"curies":[{"name":"wp","href":"https:\/\/api.w.org\/{rel}","templated":true}]}}